{"id":27,"__str__":"Parecer da Procuradoria Jur\u00eddica - Orienta\u00e7\u00e3o T\u00e9cnica de 13/02/2023 por Procuradoria Jur\u00eddica","link_detail_backend":"/materia/documentoacessorio/27","metadata":{},"nome":"Orienta\u00e7\u00e3o T\u00e9cnica","data":"2023-02-13","autor":"Procuradoria Jur\u00eddica","ementa":"","indexacao":"","arquivo":"http://sapl.socorro.sp.leg.br/media/sapl/public/documentoacessorio/2023/27/p_l_02_2023_-_inclui_dia_da_filantropia__no_calendario_oficial.pdf","data_ultima_atualizacao":"2023-02-13T16:00:14.081385-03:00","materia":240,"tipo":4}