{"id":2991,"__str__":"Parecer da Procuradoria Jur\u00eddica - Orienta\u00e7\u00e3o T\u00e9cnica de 11/08/2025 por Procuradoria Jur\u00eddica","link_detail_backend":"/materia/documentoacessorio/2991","metadata":{},"nome":"Orienta\u00e7\u00e3o T\u00e9cnica","data":"2025-08-11","autor":"Procuradoria Jur\u00eddica","ementa":"","indexacao":"","arquivo":"http://sapl.socorro.sp.leg.br/media/sapl/public/documentoacessorio/2025/2991/p_l_101_2025_-_declara_voo_livre_como_patrimonio_imaterial_de_socorro_-_prefeito_fav..pdf","data_ultima_atualizacao":"2025-08-11T14:41:28.939392-03:00","materia":4473,"tipo":4}