{"id":3618,"__str__":"Parecer da Procuradoria Jur\u00eddica - Orienta\u00e7\u00e3o T\u00e9cnica de 09/02/2026 por Procuradoria Jur\u00eddica","link_detail_backend":"/materia/documentoacessorio/3618","metadata":{},"nome":"Orienta\u00e7\u00e3o T\u00e9cnica","data":"2026-02-09","autor":"Procuradoria Jur\u00eddica","ementa":"","indexacao":"","arquivo":"http://sapl.socorro.sp.leg.br/media/sapl/public/documentoacessorio/2025/3618/p_l_151_2025_-_desafeta_area_publica.pdf","data_ultima_atualizacao":"2026-02-09T15:43:35.298953-03:00","materia":4942,"tipo":4}