{"id":3949,"__str__":"Parecer da Procuradoria Jur\u00eddica - Orienta\u00e7\u00e3o T\u00e9cnica de 27/04/2026 por Procuradoria Jur\u00eddica","link_detail_backend":"/materia/documentoacessorio/3949","metadata":{"signs":{"arquivo":{"admin":[],"autores":[["Marcos Vinicius Cauduro Figueiredo",["2026-04-27T12:01:24-03:00","Gov-Br"]]]}}},"nome":"Orienta\u00e7\u00e3o T\u00e9cnica","data":"2026-04-27","autor":"Procuradoria Jur\u00eddica","ementa":"","indexacao":"","arquivo":"http://sapl.socorro.sp.leg.br/media/sapl/public/documentoacessorio/2026/3949/camcom_12_2026_-_altera_lc_281_2019_-_6_faltas_abonadas_ao_ano_assinado.pdf","data_ultima_atualizacao":"2026-04-27T15:33:49.402341-03:00","materia":5227,"tipo":4}