{"id":3950,"__str__":"Parecer da Procuradoria Jur\u00eddica - Orienta\u00e7\u00e3o T\u00e9cnica de 27/04/2026 por Procuradoria Jur\u00eddica","link_detail_backend":"/materia/documentoacessorio/3950","metadata":{"signs":{"arquivo":{"admin":[],"autores":[["Marcos Vinicius Cauduro Figueiredo",["2026-04-27T16:30:27-03:00","Gov-Br"]]]}}},"nome":"Orienta\u00e7\u00e3o T\u00e9cnica","data":"2026-04-27","autor":"Procuradoria Jur\u00eddica","ementa":"","indexacao":"","arquivo":"http://sapl.socorro.sp.leg.br/media/sapl/public/documentoacessorio/2026/3950/cam_39_2026_-_campanha_de_conscientizacao_contra_disseminacao_de_noticias_falsas_-_fav_assinado.pdf","data_ultima_atualizacao":"2026-04-27T16:32:16.126131-03:00","materia":5232,"tipo":4}