{"id":1144,"__str__":"Requerimento n\u00ba 344 de 2023","link_detail_backend":"/materia/1144","metadata":{},"numero":344,"ano":2023,"numero_protocolo":null,"data_apresentacao":"2023-07-28","tipo_apresentacao":"","data_publicacao":null,"numero_origem_externa":"","ano_origem_externa":null,"data_origem_externa":null,"apelido":"","dias_prazo":null,"data_fim_prazo":null,"em_tramitacao":false,"polemica":false,"objeto":"","complementar":false,"ementa":"requer que seja constado em ata Voto de Congratula\u00e7\u00e3o a Marcel Marcon Rovesta pela 2\u00aa ExpoMerkel, realizada nos dias 26 e 27 de julho de 2023, no Villa Society, evento que agregou  a sociedade e o agroneg\u00f3cio de Socorro e regi\u00e3o, com car\u00e1ter institucional no formato feira de neg\u00f3cios, proporcionado conex\u00e3o entre toda a cadeia do agroneg\u00f3cio.","indexacao":"Voto de Congratula\u00e7\u00e3o\r\nMarcel Marcon Rovesta\r\n2\u00aa ExpoMerkel\r\nagroneg\u00f3cio","observacao":"","resultado":"","texto_original":"http://sapl.socorro.sp.leg.br/media/sapl/public/materialegislativa/2023/1144/requerimento_344.23_-_thiago_bitencourt_balderi_-_voto_de_congratulacao_marcel_marcon_rovesta_2a_expomerkel.pdf","data_ultima_atualizacao":"2023-08-24T17:30:50.865286-03:00","ip":"177.86.99.51","ultima_edicao":"2023-08-07T20:34:24.110702-03:00","tipo":10,"regime_tramitacao":3,"tipo_origem_externa":null,"local_origem_externa":null,"user":8,"anexadas":[],"autores":[32]}