{"id":1164,"__str__":"Indica\u00e7\u00e3o n\u00ba 412 de 2023","link_detail_backend":"/materia/1164","metadata":{},"numero":412,"ano":2023,"numero_protocolo":null,"data_apresentacao":"2023-08-03","tipo_apresentacao":"","data_publicacao":null,"numero_origem_externa":"","ano_origem_externa":null,"data_origem_externa":null,"apelido":"","dias_prazo":null,"data_fim_prazo":null,"em_tramitacao":false,"polemica":false,"objeto":"","complementar":false,"ementa":"indica que estude a possibilidade de criar no Parque da Cidade um espa\u00e7o de lazer exclusivo para c\u00e3es intitulado \"PraC\u00e3o\", onde os c\u00e3es contam com brinquedos espec\u00edficos, como manilhas, labirintos com estacas de madeira, pneus e obst\u00e1culos.","indexacao":"Prac\u00e3o\r\nPra\u00e7a para c\u00e3o","observacao":"","resultado":"","texto_original":"http://sapl.socorro.sp.leg.br/media/sapl/public/materialegislativa/2023/1164/indicacao_412.23_-_marcelo_jose_de_faria_-_criar_o_pracao_no_parque_da_cidade.pdf","data_ultima_atualizacao":"2023-09-06T17:34:10.466292-03:00","ip":"177.86.99.51","ultima_edicao":"2023-08-03T10:26:49.243862-03:00","tipo":9,"regime_tramitacao":3,"tipo_origem_externa":null,"local_origem_externa":null,"user":5,"anexadas":[],"autores":[29]}