{"id":1176,"__str__":"Indica\u00e7\u00e3o n\u00ba 423 de 2023","link_detail_backend":"/materia/1176","metadata":{},"numero":423,"ano":2023,"numero_protocolo":null,"data_apresentacao":"2023-08-04","tipo_apresentacao":"","data_publicacao":null,"numero_origem_externa":"","ano_origem_externa":null,"data_origem_externa":null,"apelido":"","dias_prazo":null,"data_fim_prazo":null,"em_tramitacao":false,"polemica":false,"objeto":"","complementar":false,"ementa":"indica que adote as medidas que se fizerem necess\u00e1rias junto aos \u00f3rg\u00e3os competentes para que sejam instalados pontos de ilumina\u00e7\u00e3o p\u00fablica, preferencialmente por l\u00e2mpadas de LED, na Rua Ana Franco Cardoso, no Bairro dos Cubas.","indexacao":"ilumina\u00e7\u00e3o p\u00fablica\r\nRua Ana Franco Cardoso","observacao":"","resultado":"","texto_original":"http://sapl.socorro.sp.leg.br/media/sapl/public/materialegislativa/2023/1176/indicacao_423.23_-_alexandre_aparecido_de_godoi_-_iluminacao_publica_led_rua_ana_franco_cardoso_no_bairro_cubas.pdf","data_ultima_atualizacao":"2023-09-06T17:34:12.319732-03:00","ip":"177.86.99.51","ultima_edicao":"2023-08-04T10:10:37.188230-03:00","tipo":9,"regime_tramitacao":3,"tipo_origem_externa":null,"local_origem_externa":null,"user":5,"anexadas":[],"autores":[27]}