{"id":1348,"__str__":"Indica\u00e7\u00e3o n\u00ba 496 de 2023","link_detail_backend":"/materia/1348","metadata":{},"numero":496,"ano":2023,"numero_protocolo":null,"data_apresentacao":"2023-09-28","tipo_apresentacao":"","data_publicacao":null,"numero_origem_externa":"","ano_origem_externa":null,"data_origem_externa":null,"apelido":"","dias_prazo":null,"data_fim_prazo":null,"em_tramitacao":false,"polemica":false,"objeto":"","complementar":false,"ementa":"indica que sejam tomadas as medidas necess\u00e1rias junto aos \u00f3rg\u00e3os competentes para que seja instalada ilumina\u00e7\u00e3o p\u00fablica na Avenida Marciano Pereira Nascimento.","indexacao":"instala\u00e7\u00e3o\r\nilumina\u00e7\u00e3o p\u00fablica","observacao":"","resultado":"","texto_original":"http://sapl.socorro.sp.leg.br/media/sapl/public/materialegislativa/2023/1348/indicacao_496.23_-_jose_adriano_de_souza_-_instalacao_de_iluminacao_publica_avenida_marciano_pereira_nascimento.pdf","data_ultima_atualizacao":"2023-10-09T17:20:30.938605-03:00","ip":"177.86.99.51","ultima_edicao":"2023-09-28T11:07:24.432020-03:00","tipo":9,"regime_tramitacao":3,"tipo_origem_externa":null,"local_origem_externa":null,"user":16,"anexadas":[],"autores":[35]}