{"id":321,"__str__":"Requerimento n\u00ba 38 de 2023","link_detail_backend":"/materia/321","metadata":{},"numero":38,"ano":2023,"numero_protocolo":null,"data_apresentacao":"2023-02-08","tipo_apresentacao":"","data_publicacao":null,"numero_origem_externa":"","ano_origem_externa":null,"data_origem_externa":null,"apelido":"","dias_prazo":null,"data_fim_prazo":null,"em_tramitacao":false,"polemica":false,"objeto":"","complementar":false,"ementa":"Requer que seja oficiado a Excelent\u00edssima Senhora Ministra da Sa\u00fade, N\u00edsia Trindade, para que abra uma discuss\u00e3o junto aos seus pares sobre a necessidade urgente de reajuste na Tabela SUS, solicitando ainda a revis\u00e3o peri\u00f3dica dos valores de remunera\u00e7\u00e3o dos servi\u00e7os prestados ao Sistema \u00danico de Sa\u00fade (SUS) por entidades parceiras, como as santas casas e hospitais filantr\u00f3picos.","indexacao":"","observacao":"","resultado":"","texto_original":"http://sapl.socorro.sp.leg.br/media/sapl/public/materialegislativa/2023/321/requerimento_38.23_-_osvaldo_brolezzi_e_demais_-ministro_da_saude_-_questionamento_sobre_reajuste_de_tabela_sus.pdf","data_ultima_atualizacao":"2024-01-30T16:40:28.054595-03:00","ip":"177.86.99.51","ultima_edicao":"2023-02-16T13:35:10.211593-03:00","tipo":10,"regime_tramitacao":3,"tipo_origem_externa":null,"local_origem_externa":null,"user":8,"anexadas":[],"autores":[26,27,35,28,29,30,31,32,24]}