{"id":390,"__str__":"Requerimento n\u00ba 48 de 2023","link_detail_backend":"/materia/390","metadata":{},"numero":48,"ano":2023,"numero_protocolo":null,"data_apresentacao":"2023-03-03","tipo_apresentacao":"","data_publicacao":null,"numero_origem_externa":"","ano_origem_externa":null,"data_origem_externa":null,"apelido":"","dias_prazo":null,"data_fim_prazo":null,"em_tramitacao":false,"polemica":false,"objeto":"","complementar":false,"ementa":"Requer que seja constado em Ata um Voto de Profundo Pesar pelos falecimentos de: Antonio Vieira da Silva; Jairo de Andrade; Antonio Natalino Giacomini; Maria Apparecida Sim\u00e3o Felisbino; Maria de Lourdes Jacinto dos Santos; Pedro Fregnan; Maria Apparecida Grigol\u00e3o de Faria; Teresa Ribeiro do Amaral; Lucia Fadin Carolino; Alziro Gon\u00e7alves; Lazara Gomes Bortolotti; Mario Pedro Dos Santos; Julio de Oliveira Preto; Aguinaldo Luiz Soares; Maria Aparecida Falconi Conte.","indexacao":"","observacao":"","resultado":"","texto_original":"http://sapl.socorro.sp.leg.br/media/sapl/public/materialegislativa/2023/390/requerimento_48.23_-_todos_os_vereadores_-_voto_de_pesar_-_falecimentos_-_sessao_06.03.2023.pdf","data_ultima_atualizacao":"2023-03-09T18:04:57.190894-03:00","ip":"177.86.99.51","ultima_edicao":"2023-03-06T17:51:45.458975-03:00","tipo":10,"regime_tramitacao":3,"tipo_origem_externa":null,"local_origem_externa":null,"user":8,"anexadas":[],"autores":[34]}