{"id":4051,"__str__":"Veto n\u00ba 7 de 2025","link_detail_backend":"/materia/4051","metadata":{},"numero":7,"ano":2025,"numero_protocolo":null,"data_apresentacao":"2025-04-25","tipo_apresentacao":"","data_publicacao":null,"numero_origem_externa":"","ano_origem_externa":null,"data_origem_externa":null,"apelido":"","dias_prazo":15,"data_fim_prazo":null,"em_tramitacao":false,"polemica":false,"objeto":"","complementar":false,"ementa":"Raz\u00f5es do Veto Total ao Projeto de Lei n\u00ba 24/2025, que \"Disp\u00f5e sobre a cria\u00e7\u00e3o da Semana Municipal do Empreendedor no Munic\u00edpio de Socorro e d\u00e1 outras provid\u00eancias\".","indexacao":"","observacao":"","resultado":"","texto_original":"http://sapl.socorro.sp.leg.br/media/sapl/public/materialegislativa/2025/4051/protocolo_171_2025_-_gab_-_apresenta_veto_total_ao_projeto_de_lei_no_24.2025_autografo_no_23.2025.pdf","data_ultima_atualizacao":"2025-05-06T15:45:14.488341-03:00","ip":"177.86.99.51","ultima_edicao":"2025-04-29T18:14:24.140872-03:00","tipo":18,"regime_tramitacao":3,"tipo_origem_externa":null,"local_origem_externa":null,"user":8,"anexadas":[],"autores":[60]}