{"id":4182,"__str__":"Requerimento n\u00ba 304 de 2025","link_detail_backend":"/materia/4182","metadata":{},"numero":304,"ano":2025,"numero_protocolo":null,"data_apresentacao":"2025-05-30","tipo_apresentacao":"","data_publicacao":null,"numero_origem_externa":"","ano_origem_externa":null,"data_origem_externa":null,"apelido":"","dias_prazo":null,"data_fim_prazo":null,"em_tramitacao":false,"polemica":false,"objeto":"","complementar":false,"ementa":"requer que seja constado em Ata um Voto de Profundo Pesar pelos falecimentos de: Maria Camilo Ramalho Dias; Nilson Nogueira Pena; Caio Nascimento Mendes Martins; Gabriel Sandrini Oliveira; Osmar Mozarchi; Pedro Louren\u00e7o Stracci; Laide Alves Bernardi; Idayr Santos Silva Queiroz; Benedito de Oliveira Preto; Maria Jos\u00e9 da Silva Mariano; Lazara Ramalho Bernardo; Louren\u00e7o Lazaro Tafner; Deomar Alves Pereira; Veronica Aparecida Gaspere de Lima; Nair Pereira de Faria Gon\u00e7alves; Ana Barbara Marcello.","indexacao":"Voto \r\nPesar \r\nfalecimentos","observacao":"","resultado":"","texto_original":"http://sapl.socorro.sp.leg.br/media/sapl/public/materialegislativa/2025/4182/requerimento_304.25_-_todos_os_vereadores_-_voto_de_pesar_-_falecimentos_-_sessao_02.06.2025.pdf","data_ultima_atualizacao":"2025-06-04T08:48:36.745621-03:00","ip":"177.86.99.51","ultima_edicao":"2025-05-30T08:15:27.356404-03:00","tipo":10,"regime_tramitacao":3,"tipo_origem_externa":null,"local_origem_externa":null,"user":5,"anexadas":[],"autores":[61]}