{"id":4906,"__str__":"Emenda Impositiva n\u00ba 8 de 2025","link_detail_backend":"/materia/4906","metadata":{},"numero":8,"ano":2025,"numero_protocolo":null,"data_apresentacao":"2025-11-24","tipo_apresentacao":"","data_publicacao":null,"numero_origem_externa":"","ano_origem_externa":null,"data_origem_externa":null,"apelido":"","dias_prazo":null,"data_fim_prazo":null,"em_tramitacao":false,"polemica":false,"objeto":"","complementar":false,"ementa":"prop\u00f5e a destina\u00e7\u00e3o de recursos no Projeto de Lei n.\u00ba 120/2025, que estima a Receita e fixa a Despesa do Munic\u00edpio de Socorro para o exerc\u00edcio de 2026 para: NEFTAI, tratamento de infec\u00e7\u00f5es (Medicina Hiperb\u00e1rica), aparelhos de autoclave, Asilo Jos\u00e9 Franco Craveiro, APAE, Lar Dom Bosco, constru\u00e7\u00e3o da Sede da Guarda Mirim, servi\u00e7os veterin\u00e1rios causa animal e cobertura do CORENOVA.","indexacao":"Emenda Impositiva","observacao":"estima \r\nReceita \r\nfixa \r\nDespesa \r\n2026","resultado":"","texto_original":"http://sapl.socorro.sp.leg.br/media/sapl/public/materialegislativa/2025/4906/emenda_impositiva_08.25_-_loa_2026_-_thiago_balderi.pdf","data_ultima_atualizacao":"2025-12-17T18:18:30.526117-03:00","ip":"177.86.99.51","ultima_edicao":"2025-12-01T08:15:12.722981-03:00","tipo":22,"regime_tramitacao":3,"tipo_origem_externa":null,"local_origem_externa":null,"user":16,"anexadas":[],"autores":[32]}