{"id":4931,"__str__":"Indica\u00e7\u00e3o n\u00ba 811 de 2025","link_detail_backend":"/materia/4931","metadata":{},"numero":811,"ano":2025,"numero_protocolo":null,"data_apresentacao":"2025-12-05","tipo_apresentacao":"","data_publicacao":null,"numero_origem_externa":"","ano_origem_externa":null,"data_origem_externa":null,"apelido":"","dias_prazo":null,"data_fim_prazo":null,"em_tramitacao":false,"polemica":false,"objeto":"","complementar":false,"ementa":"indica que junto ao departamento competente sejam tomadas as provid\u00eancias necess\u00e1rias para a realiza\u00e7\u00e3o da pavimenta\u00e7\u00e3o asf\u00e1ltica da Rua Miguel Bozer, situada no Bairro dos Cubas.","indexacao":"pavimenta\u00e7\u00e3o asf\u00e1ltica \r\nRua Miguel Bozer\r\nBairro dos Cubas","observacao":"","resultado":"","texto_original":"http://sapl.socorro.sp.leg.br/media/sapl/public/materialegislativa/2025/4931/indicacao_811.25_-_adriano_-_pavimentacao_asfaltica_-_r._miguel_bozer_-_bairro_dos_cubas_-_ass._leg._rf.pdf","data_ultima_atualizacao":"2026-02-02T11:55:22.095076-03:00","ip":"177.86.99.51","ultima_edicao":"2025-12-05T12:36:46.959929-03:00","tipo":9,"regime_tramitacao":3,"tipo_origem_externa":null,"local_origem_externa":null,"user":16,"anexadas":[],"autores":[35]}