{"id":5169,"__str__":"Requerimento n\u00ba 25 de 2026","link_detail_backend":"/materia/5169","metadata":{},"numero":25,"ano":2026,"numero_protocolo":null,"data_apresentacao":"2026-03-13","tipo_apresentacao":"","data_publicacao":null,"numero_origem_externa":"","ano_origem_externa":null,"data_origem_externa":null,"apelido":"","dias_prazo":null,"data_fim_prazo":null,"em_tramitacao":false,"polemica":false,"objeto":"","complementar":false,"ementa":"requer que seja constado em Ata um Voto de Profundo Pesar pelos falecimentos de: Ant\u00f4nio Franco de Moraes, ocorrido em 27 de fevereiro de 2026; Rosa Gatti de Souza, ocorrido em 28 de fevereiro de 2026; Edina Maria da Silva Santos, ocorrido em 1.\u00ba de mar\u00e7o de 2026; Sebasti\u00e3o Alves de Oliveira, ocorrido em 1.\u00ba de mar\u00e7o de 2026; Ant\u00f4nio de Oliveira Preto, ocorrido em 4 de mar\u00e7o de 2026; Jos\u00e9 Pedro Ramalho, ocorrido em 4 de mar\u00e7o de 2026; Silvia Maria Gonzalez Cobo, ocorrido em 4 de mar\u00e7o de 2026; Robson Marcelo Lopes, ocorrido em 6 de mar\u00e7o de 2026; Eveli Aparecida Ramalho, ocorrido em 7 de mar\u00e7o de 2026; e Benedita Pedroso Andrade, ocorrido em 10 de mar\u00e7o de 2026.","indexacao":"Ata \r\nVoto de Profundo Pesar \r\nfalecimentos","observacao":"","resultado":"","texto_original":"http://sapl.socorro.sp.leg.br/media/sapl/public/materialegislativa/2026/5169/requerimento_25.26_-_todos_os_vereadores_-_voto_de_pesar_-_falecimentos_-_sessao_16.03.2026_-_ass.a_leg._rf.pdf","data_ultima_atualizacao":"2026-03-17T08:21:36.371188-03:00","ip":"177.86.99.51","ultima_edicao":"2026-03-13T09:57:29.983605-03:00","tipo":10,"regime_tramitacao":3,"tipo_origem_externa":null,"local_origem_externa":null,"user":16,"anexadas":[],"autores":[61]}