{"id":863,"__str__":"Mo\u00e7\u00e3o n\u00ba 3 de 2023","link_detail_backend":"/materia/863","metadata":{},"numero":3,"ano":2023,"numero_protocolo":null,"data_apresentacao":"2023-05-30","tipo_apresentacao":"E","data_publicacao":null,"numero_origem_externa":"","ano_origem_externa":null,"data_origem_externa":null,"apelido":"","dias_prazo":null,"data_fim_prazo":null,"em_tramitacao":false,"polemica":false,"objeto":"","complementar":false,"ementa":"Apela ao Secret\u00e1rio da Receita Federal, \u00e0 superintendente da 8.\u00aa Regi\u00e3o Fiscal da Receita Federal, ao Delegado da Receita Federal e ao Prefeito Municipal de Amparo para que seja mantido o funcionamento presencial da Ag\u00eancia da Receita Federal no munic\u00edpio de Amparo/SP","indexacao":"Apelo manuten\u00e7\u00e3o Ag\u00eancia Receita Federal Amparo","observacao":"","resultado":"","texto_original":"http://sapl.socorro.sp.leg.br/media/sapl/public/materialegislativa/2023/863/mocao_03.2023_-_airton_benedito_domingues_de_souza_e_demais_vereadores_-_apelo_para_que_a_agencia_da_receita_federal_nao_seja_fechada.pdf","data_ultima_atualizacao":"2023-07-11T10:45:23.490231-03:00","ip":"177.86.99.51","ultima_edicao":"2023-05-30T17:06:43.297256-03:00","tipo":11,"regime_tramitacao":3,"tipo_origem_externa":null,"local_origem_externa":null,"user":5,"anexadas":[],"autores":[26,34]}