{"id":947,"__str__":"Indica\u00e7\u00e3o n\u00ba 298 de 2023","link_detail_backend":"/materia/947","metadata":{},"numero":298,"ano":2023,"numero_protocolo":null,"data_apresentacao":"2023-06-27","tipo_apresentacao":"","data_publicacao":null,"numero_origem_externa":"","ano_origem_externa":null,"data_origem_externa":null,"apelido":"","dias_prazo":null,"data_fim_prazo":null,"em_tramitacao":false,"polemica":false,"objeto":"","complementar":false,"ementa":"indica que adote as medidas necess\u00e1rias junto aos \u00f3rg\u00e3os competentes para que sejam instalados pontos de ilumina\u00e7\u00e3o p\u00fablica na Travessa S\u00e3o L\u00e1zaro, no Bairro do Orat\u00f3rio.","indexacao":"travessa\r\nilumina\u00e7\u00e3o p\u00fablica","observacao":"","resultado":"","texto_original":"http://sapl.socorro.sp.leg.br/media/sapl/public/materialegislativa/2023/947/indicacao_298.23_-_lauro_aparecido_de_toledo_-_instalacao_de_iluminacao_publica_na_travessa_sao_lazaro_no_bairro_do_oratorio.pdf","data_ultima_atualizacao":"2023-07-05T09:05:40.175939-03:00","ip":"177.86.99.51","ultima_edicao":"2023-06-27T13:56:19.485350-03:00","tipo":9,"regime_tramitacao":3,"tipo_origem_externa":null,"local_origem_externa":null,"user":16,"anexadas":[],"autores":[28]}