{"id":3283,"__str__":"Requerimento n\u00ba 312 de 2023 | Para vota\u00e7\u00e3o em Plen\u00e1rio | 03/07/2023","link_detail_backend":"/materia/tramitacao/3283","metadata":{},"timestamp":"2023-07-03T14:15:35.513926-03:00","data_tramitacao":"2023-07-03","data_encaminhamento":"2023-07-03","urgente":false,"turno":"U","texto":"","data_fim_prazo":null,"ip":"177.86.99.51","ultima_edicao":"2023-07-03T14:15:31.567526-03:00","status":56,"materia":999,"unidade_tramitacao_local":12,"unidade_tramitacao_destino":23,"user":8}