{"id":4334,"__str__":"Requerimento n\u00ba 293 de 2023 | Para vota\u00e7\u00e3o em Plen\u00e1rio | 16/06/2023","link_detail_backend":"/materia/tramitacao/4334","metadata":{},"timestamp":"2023-07-19T14:49:45.048196-03:00","data_tramitacao":"2023-06-16","data_encaminhamento":"2023-06-19","urgente":false,"turno":"","texto":"","data_fim_prazo":null,"ip":"177.86.99.51","ultima_edicao":"2023-07-19T14:49:42.046045-03:00","status":56,"materia":911,"unidade_tramitacao_local":12,"unidade_tramitacao_destino":23,"user":8}